{"id":180,"date":"2024-08-19T14:06:00","date_gmt":"2024-08-19T12:06:00","guid":{"rendered":"https:\/\/www.parrocchiadigraffignana.it\/viavai\/?p=180"},"modified":"2024-08-19T19:44:46","modified_gmt":"2024-08-19T17:44:46","slug":"comunicazione-06-parco-acquatico-lodi-splash","status":"publish","type":"post","link":"https:\/\/www.parrocchiadigraffignana.it\/viavai\/2024\/08\/19\/comunicazione-06-parco-acquatico-lodi-splash\/","title":{"rendered":"Comunicazione 06 &#8211; Parco Acquatico &#8220;Lodi Splash&#8221;"},"content":{"rendered":"\n<p><strong><u>COMUNICAZIONE NR. 6 DEL 19-08-2024<\/u><\/strong><\/p>\n\n\n\n<p><strong>Mercoled\u00ec 21 Agosto<\/strong>, andremo al Parco Acquatico \u201cLodi Splash\u201d.<\/p>\n\n\n\n<p>L\u2019ingresso in oratorio sar\u00e0 come d\u2019abitudine alle ore 9:00, in seguito ci trasferiremo nel parcheggio del cimitero in via s. Colombano per la partenza.<\/p>\n\n\n\n<p>Il pranzo <strong><u>SAR\u00c0 AL SACCO, A CARICO DEI PARTECIPANTI.<\/u><\/strong><\/p>\n\n\n\n<p>Il rientro \u00e8 previsto presso il parcheggio del cimitero in via s. Colombano dalle ore 17:00 alle ore 17:30 circa perch\u00e9 lo stesso pullman far\u00e0 due viaggi.<\/p>\n\n\n\n<p>Tutti i ragazzi dovranno essere muniti di:<\/p>\n\n\n\n<ul class=\"wp-block-list\">\n<li><strong><u>CUFFIA<\/u><\/strong><\/li>\n\n\n\n<li>Zaino,<\/li>\n\n\n\n<li>Salviettone,<\/li>\n\n\n\n<li>Costume (gi\u00e0 indossato),<\/li>\n\n\n\n<li>Crema Solare,<\/li>\n\n\n\n<li>Cambio,<\/li>\n\n\n\n<li>Pranzo al Sacco e Merenda\/Soldi per il bar.<\/li>\n<\/ul>\n\n\n\n<p>CHIEDIAMO DI NON VENIRE IN BICICLETTA PER QUESTA GIORNATA, perch\u00e9 al rientro non sar\u00e0 possibile riaccedere all\u2019oratorio fino al giorno successivo<\/p>\n\n\n\n<p>Cordiali Saluti<\/p>\n\n\n\n<p>La Segreteria<\/p>\n","protected":false},"excerpt":{"rendered":"<p>COMUNICAZIONE NR. 6 DEL 19-08-2024 Mercoled\u00ec 21 Agosto, andremo al Parco Acquatico \u201cLodi Splash\u201d. L\u2019ingresso in oratorio sar\u00e0 come d\u2019abitudine alle ore 9:00, in seguito ci trasferiremo nel parcheggio del cimitero in via s. Colombano per la partenza. Il pranzo SAR\u00c0 AL SACCO, A CARICO DEI PARTECIPANTI. Il rientro \u00e8 previsto presso il parcheggio del&hellip;<\/p>\n","protected":false},"author":1,"featured_media":0,"comment_status":"closed","ping_status":"closed","sticky":false,"template":"","format":"standard","meta":{"footnotes":""},"categories":[6],"tags":[],"class_list":["post-180","post","type-post","status-publish","format-standard","hentry","category-comunicazioni"],"_links":{"self":[{"href":"https:\/\/www.parrocchiadigraffignana.it\/viavai\/wp-json\/wp\/v2\/posts\/180","targetHints":{"allow":["GET"]}}],"collection":[{"href":"https:\/\/www.parrocchiadigraffignana.it\/viavai\/wp-json\/wp\/v2\/posts"}],"about":[{"href":"https:\/\/www.parrocchiadigraffignana.it\/viavai\/wp-json\/wp\/v2\/types\/post"}],"author":[{"embeddable":true,"href":"https:\/\/www.parrocchiadigraffignana.it\/viavai\/wp-json\/wp\/v2\/users\/1"}],"replies":[{"embeddable":true,"href":"https:\/\/www.parrocchiadigraffignana.it\/viavai\/wp-json\/wp\/v2\/comments?post=180"}],"version-history":[{"count":1,"href":"https:\/\/www.parrocchiadigraffignana.it\/viavai\/wp-json\/wp\/v2\/posts\/180\/revisions"}],"predecessor-version":[{"id":181,"href":"https:\/\/www.parrocchiadigraffignana.it\/viavai\/wp-json\/wp\/v2\/posts\/180\/revisions\/181"}],"wp:attachment":[{"href":"https:\/\/www.parrocchiadigraffignana.it\/viavai\/wp-json\/wp\/v2\/media?parent=180"}],"wp:term":[{"taxonomy":"category","embeddable":true,"href":"https:\/\/www.parrocchiadigraffignana.it\/viavai\/wp-json\/wp\/v2\/categories?post=180"},{"taxonomy":"post_tag","embeddable":true,"href":"https:\/\/www.parrocchiadigraffignana.it\/viavai\/wp-json\/wp\/v2\/tags?post=180"}],"curies":[{"name":"wp","href":"https:\/\/api.w.org\/{rel}","templated":true}]}}